{"id":1073,"date":"2023-02-26T17:13:21","date_gmt":"2023-02-26T16:13:21","guid":{"rendered":"https:\/\/www.label.pl\/blog\/?p=1073"},"modified":"2023-02-26T17:13:22","modified_gmt":"2023-02-26T16:13:22","slug":"noce-i-dnie-polarne","status":"publish","type":"post","link":"https:\/\/www.label.pl\/blog\/noce-i-dnie-polarne\/","title":{"rendered":"Noce i dnie (polarne)"},"content":{"rendered":"\n<p>Zgodnie z ustaleniami polskiego astronoma Miko\u0142aja Kopernika, to Ziemia obraca si\u0119 wok\u00f3\u0142 S\u0142o\u0144ca, a dodatkowo jeszcze wok\u00f3\u0142 w\u0142asnej osi. St\u0105d wyr\u00f3\u017cnia si\u0119 ruch obiegowy i obrotowy Ziemi. O\u015b naszej planety jest nachylona wzgl\u0119dem ekliptyki, czyli pozornego okr\u0119gu, po kt\u00f3rym porusza si\u0119 S\u0142o\u0144ce w ci\u0105gu roku wzgl\u0119dem obserwatora z Ziemi, pod k\u0105tem 66\u00b034&#8242;. Do skutk\u00f3w tych zjawisk nale\u017c\u0105 m.in.: zmieniaj\u0105ca si\u0119 d\u0142ugo\u015b\u0107 dnia i nocy, a szczeg\u00f3lnym wariantem tego nast\u0119pstwa s\u0105 dni i noce polarne, wyst\u0119puj\u0105ce na obu biegunach, powy\u017cej szeroko\u015bci geograficznej 67\u00b023&#8242; (zatem stwierdzenie, \u017ce noce i dni polarne wyst\u0119puj\u0105 kole podbiegunowym jest b\u0142\u0119dne, poniewa\u017c jest to r\u00f3wnole\u017cnik o szeroko\u015bci 66\u00b033&#8217;39&#8243;N i S).<\/p>\n\n\n\n<p>Noc polarn\u0105 definiuje si\u0119 jako noc, czyli czas, w kt\u00f3rym S\u0142o\u0144ce znajduje si\u0119 poni\u017cej linii horyzontu, trwa powy\u017cej 24 godzin. Z kolei dzie\u0144 polarny jest jej przeciwie\u0144stwem, a wi\u0119c czasem, gdy S\u0142o\u0144ce znajduje si\u0119 powy\u017cej linii horyzontu przez ponad dob\u0119. D\u0142ugo\u015b\u0107 okres\u00f3w nocy i dni polarnych zale\u017cy od dok\u0142adnego po\u0142o\u017cenia geograficznego, jednak \u015brednio trwaj\u0105 ok. miesi\u0105c. W obszarze bliskim biegunom noc polarna mo\u017ce trwa\u0107 prawie trzy miesi\u0105ce!<\/p>\n\n\n\n<p>Zjawiska nocy i dni polarnych nie pozostaj\u0105 bez wp\u0142ywu na zdrowie i samopoczucie ludzi mieszkaj\u0105cych na terenach oko\u0142obiegunowych. D\u0142ugi okres pozbawiony \u015bwiat\u0142a s\u0142onecznego, poza utrudnieniami natury logistycznej oraz zaburzeniami rytmu dobowego, mo\u017ce doprowadzi\u0107 do stan\u00f3w l\u0119kowych i depresyjnych (udowodniono, \u017ce szwedzkiej m\u0142odzie\u017cy grozi najwy\u017csze ryzyko depresji spo\u015br\u00f3d pa\u0144stw europejskich). Dzie\u0144 polarny r\u00f3wnie\u017c negatywnie wp\u0142ywa na rytm dobowy, a dodatkowo hamuje wydzielanie melatoniny (jej produkcja jest zatrzymywana przez \u015bwiat\u0142o), czyli hormonu odpowiedzialnego za regulacj\u0119 zegara biologicznego.<\/p>\n\n\n\n<p>W wyniku wyst\u0119powania nocy polarnych oraz dni polarnych, podczas kt\u00f3rych S\u0142o\u0144ce w\u0119druje nisko po widnokr\u0119gu, nas\u0142onecznienie, czyli moc promieniowania s\u0142onecznego na danej powierzchni, na tych obszarach jest niewielkie. Przyk\u0142adowo, 20. lutego br. warto\u015b\u0107 tego parametru dla miejscowo\u015bci Troms\u00f8 w p\u00f3\u0142nocnej Norwegii wynios\u0142a 223 Wh\/m<sup>2<\/sup>, podczas gdy tego samego dnia w Warszawie wynios\u0142a ona prawie trzykrotnie wi\u0119cej. <a href=\"https:\/\/www.label.pl\/po\/rek900.html\">Pomiary nas\u0142onecznienia wykonuje si\u0119 pyranometrami, kt\u00f3re mierz\u0105 nat\u0119\u017cenie \u015bwiat\u0142a s\u0142onecznego<\/a>. Jednym z modeli tych miernik\u00f3w firmy LAB-EL jest LB-900. Wykonuje on precyzyjne pomiary nat\u0119\u017cenia \u015bwiat\u0142a w zakresie od 0 do 2000 W\/ m<sup>2<\/sup> z dok\u0142adno\u015bci\u0105 do 0,1 W\/m<sup>2<\/sup>. W celu ochrony przed trudnymi warunkami urz\u0105dzenie jest zalewane mas\u0105 silikonow\u0105, dzi\u0119ki kt\u00f3rej staje si\u0119 odporne na wilgotno\u015b\u0107 i ekstremalne temperatury.<\/p>\n","protected":false},"excerpt":{"rendered":"<p>Zgodnie z ustaleniami polskiego astronoma Miko\u0142aja Kopernika, to Ziemia obraca si\u0119 wok\u00f3\u0142 S\u0142o\u0144ca, a dodatkowo jeszcze wok\u00f3\u0142 w\u0142asnej osi. St\u0105d wyr\u00f3\u017cnia si\u0119 ruch obiegowy i obrotowy Ziemi. O\u015b naszej planety jest nachylona wzgl\u0119dem ekliptyki, czyli pozornego okr\u0119gu, po kt\u00f3rym porusza si\u0119 S\u0142o\u0144ce w ci\u0105gu roku wzgl\u0119dem obserwatora z Ziemi, pod k\u0105tem 66\u00b034&#8242;. Do skutk\u00f3w tych&#8230;<\/p>\n","protected":false},"author":5,"featured_media":903,"comment_status":"closed","ping_status":"open","sticky":false,"template":"","format":"standard","meta":[],"categories":[1],"tags":[],"_links":{"self":[{"href":"https:\/\/www.label.pl\/blog\/wp-json\/wp\/v2\/posts\/1073"}],"collection":[{"href":"https:\/\/www.label.pl\/blog\/wp-json\/wp\/v2\/posts"}],"about":[{"href":"https:\/\/www.label.pl\/blog\/wp-json\/wp\/v2\/types\/post"}],"author":[{"embeddable":true,"href":"https:\/\/www.label.pl\/blog\/wp-json\/wp\/v2\/users\/5"}],"replies":[{"embeddable":true,"href":"https:\/\/www.label.pl\/blog\/wp-json\/wp\/v2\/comments?post=1073"}],"version-history":[{"count":3,"href":"https:\/\/www.label.pl\/blog\/wp-json\/wp\/v2\/posts\/1073\/revisions"}],"predecessor-version":[{"id":1081,"href":"https:\/\/www.label.pl\/blog\/wp-json\/wp\/v2\/posts\/1073\/revisions\/1081"}],"wp:featuredmedia":[{"embeddable":true,"href":"https:\/\/www.label.pl\/blog\/wp-json\/wp\/v2\/media\/903"}],"wp:attachment":[{"href":"https:\/\/www.label.pl\/blog\/wp-json\/wp\/v2\/media?parent=1073"}],"wp:term":[{"taxonomy":"category","embeddable":true,"href":"https:\/\/www.label.pl\/blog\/wp-json\/wp\/v2\/categories?post=1073"},{"taxonomy":"post_tag","embeddable":true,"href":"https:\/\/www.label.pl\/blog\/wp-json\/wp\/v2\/tags?post=1073"}],"curies":[{"name":"wp","href":"https:\/\/api.w.org\/{rel}","templated":true}]}}