{"id":1351,"date":"2024-03-07T13:26:00","date_gmt":"2024-03-07T12:26:00","guid":{"rendered":"https:\/\/www.label.pl\/blog\/?p=1351"},"modified":"2024-03-13T00:35:39","modified_gmt":"2024-03-12T23:35:39","slug":"jak-lokalnie-minimalizowac-slad-weglowy","status":"publish","type":"post","link":"https:\/\/www.label.pl\/blog\/jak-lokalnie-minimalizowac-slad-weglowy\/","title":{"rendered":"Jak lokalnie minimalizowa\u0107 \u015blad w\u0119glowy?"},"content":{"rendered":"\n<p>Dwutlenek w\u0119gla (CO2) jest jednym z g\u0142\u00f3wnych gaz\u00f3w cieplarnianych, kt\u00f3ry powstaje w wyniku spalania paliw kopalnych, takich jak w\u0119giel, ropa naftowa i gaz ziemny, oraz przez procesy przemys\u0142owe i deforestacj\u0119. Jego emisja osi\u0105gn\u0119\u0142a alarmuj\u0105ce poziomy g\u0142\u00f3wnie wskutek dzia\u0142alno\u015bci cz\u0142owieka. CO2 ma zdolno\u015b\u0107 do absorbowania i zatrzymywania ciep\u0142a w atmosferze, co prowadzi do efektu cieplarnianego &#8211; procesu, w kt\u00f3rym ciep\u0142o jest zatrzymywane w atmosferze Ziemi, powoduj\u0105c globalne ocieplenie. Skutki tego zjawiska s\u0105 coraz bardziej widoczne: wzrost \u015brednich rocznych temperatur powietrza, topnienie lodowc\u00f3w i pokryw lodowych, podnoszenie si\u0119 poziomu m\u00f3rz, ekstremalne zjawiska pogodowe, takie jak burze, susze i powodzie, oraz zmiany klimatyczne maj\u0105ce negatywny wp\u0142yw na ekosystemy i ludzkie zdrowie. D\u0142ugoterminowe konsekwencje nadmiernego emitowania CO2 s\u0105 nieodwracalne i mog\u0105 mie\u0107 katastrofalne skutki dla \u017cycia na Ziemi, dlatego wa\u017cne jest podejmowanie dzia\u0142a\u0144 maj\u0105cych na celu ograniczenie emisji tego szkodliwego gazu oraz promowanie zr\u00f3wnowa\u017conych praktyk energetycznych i ochrony \u015brodowiska.<\/p>\n\n\n\n<p>Wbrew pozorom nawet lokalne, jednostkowe dzia\u0142ania s\u0105 wa\u017cne. Jako jednostki r\u00f3wnie\u017c przyczyniamy si\u0119 do emisji gaz\u00f3w cieplarnianych. Istniej\u0105 sposoby, kt\u00f3re pozwol\u0105 zredukowa\u0107 sw\u00f3j osobisty \u015blad w\u0119glowy. Jednym z nich jest rozs\u0105dne zarz\u0105dzanie ocieplaniem w\u0142asnego domu lub mieszkania. Dostosowanie temperatury do w\u0142asnych potrzeb pozwoli nie tylko na zmniejszenie emisji dwutlenku w\u0119gla, ale r\u00f3wnie\u017c zmniejszenie wydatk\u00f3w, a wi\u0119c dzia\u0142anie to b\u0119dzie korzystne zar\u00f3wno dla planety, jak i dla w\u0142asnego portfela. Warto pami\u0119ta\u0107 o skr\u0119ceniu kaloryfera podczas wietrzenia pomieszcze\u0144 oraz odpowiedniej izolacji budynku! Alternatyw\u0105 dla ogrzewania gazowego s\u0105 elektryczne pompy ciep\u0142a, co r\u00f3wnie\u017c redukuje \u015blad w\u0119glowy gospodarstwa domowego.<\/p>\n\n\n\n<p>Zminimalizowanie szeroko poj\u0119tego \u201ewaste\u201d, czyli odpad\u00f3w z angielskiego, tak\u017ce ma pozytywny wp\u0142yw na ochron\u0119 \u015brodowiska. Korzystanie z wielorazowych opakowa\u0144, segregowanie \u015bmieci, oszcz\u0119dno\u015b\u0107 wody \u2013 to wszystko lokalnie przyczynia si\u0119 do dbania o nasz\u0105 planet\u0119. 14% \u015bwiatowej emisji dwutlenku w\u0119gla jest generowane przez hodowl\u0119 zwierz\u0119c\u0105 (g\u0142\u00f3wnie byd\u0142o), dlatego marnowanie jedzenia tylko nap\u0119dza katastrof\u0119 klimatyczn\u0105. Przemy\u015blane, rozs\u0105dne zakupy oraz posi\u0142ki s\u0105 wi\u0119c istotne w kontek\u015bcie redukcji \u015bladu w\u0119glowego.<\/p>\n\n\n\n<p><a href=\"https:\/\/www.label.pl\/po\/miernik-co2-lb852.html\">Do pomiaru st\u0119\u017cenia dwutlenku w\u0119gla w powietrzu s\u0142u\u017c\u0105 profesjonalne mierniki, np. LB-852<\/a>. Wykonuje on regularne (co 5 sekund) pomiary, z wysok\u0105 precyzj\u0105 \u2013 do 5% aktualnego wskazania. \u015awietnie sprawdzi si\u0119 w rejestrowaniu i kontrolowaniu poziomu dwutlenku w\u0119gla na terenie obiekt\u00f3w przemys\u0142owych.<\/p>\n","protected":false},"excerpt":{"rendered":"<p>Dwutlenek w\u0119gla (CO2) jest jednym z g\u0142\u00f3wnych gaz\u00f3w cieplarnianych, kt\u00f3ry powstaje w wyniku spalania paliw kopalnych, takich jak w\u0119giel, ropa naftowa i gaz ziemny, oraz przez procesy przemys\u0142owe i deforestacj\u0119. Jego emisja osi\u0105gn\u0119\u0142a alarmuj\u0105ce poziomy g\u0142\u00f3wnie wskutek dzia\u0142alno\u015bci cz\u0142owieka. CO2 ma zdolno\u015b\u0107 do absorbowania i zatrzymywania ciep\u0142a w atmosferze, co prowadzi do efektu cieplarnianego &#8211;&#8230;<\/p>\n","protected":false},"author":5,"featured_media":967,"comment_status":"closed","ping_status":"open","sticky":false,"template":"","format":"standard","meta":[],"categories":[1],"tags":[],"_links":{"self":[{"href":"https:\/\/www.label.pl\/blog\/wp-json\/wp\/v2\/posts\/1351"}],"collection":[{"href":"https:\/\/www.label.pl\/blog\/wp-json\/wp\/v2\/posts"}],"about":[{"href":"https:\/\/www.label.pl\/blog\/wp-json\/wp\/v2\/types\/post"}],"author":[{"embeddable":true,"href":"https:\/\/www.label.pl\/blog\/wp-json\/wp\/v2\/users\/5"}],"replies":[{"embeddable":true,"href":"https:\/\/www.label.pl\/blog\/wp-json\/wp\/v2\/comments?post=1351"}],"version-history":[{"count":2,"href":"https:\/\/www.label.pl\/blog\/wp-json\/wp\/v2\/posts\/1351\/revisions"}],"predecessor-version":[{"id":1356,"href":"https:\/\/www.label.pl\/blog\/wp-json\/wp\/v2\/posts\/1351\/revisions\/1356"}],"wp:featuredmedia":[{"embeddable":true,"href":"https:\/\/www.label.pl\/blog\/wp-json\/wp\/v2\/media\/967"}],"wp:attachment":[{"href":"https:\/\/www.label.pl\/blog\/wp-json\/wp\/v2\/media?parent=1351"}],"wp:term":[{"taxonomy":"category","embeddable":true,"href":"https:\/\/www.label.pl\/blog\/wp-json\/wp\/v2\/categories?post=1351"},{"taxonomy":"post_tag","embeddable":true,"href":"https:\/\/www.label.pl\/blog\/wp-json\/wp\/v2\/tags?post=1351"}],"curies":[{"name":"wp","href":"https:\/\/api.w.org\/{rel}","templated":true}]}}