{"id":1388,"date":"2024-04-26T21:24:00","date_gmt":"2024-04-26T19:24:00","guid":{"rendered":"https:\/\/www.label.pl\/blog\/?p=1388"},"modified":"2024-05-03T01:02:11","modified_gmt":"2024-05-02T23:02:11","slug":"jaki-spf-wybrac","status":"publish","type":"post","link":"https:\/\/www.label.pl\/blog\/jaki-spf-wybrac\/","title":{"rendered":"Jaki SPF wybra\u0107?"},"content":{"rendered":"\n<p>Ochrona przeciws\u0142oneczna jest niezwykle istotna ze wzgl\u0119du na szereg negatywnych skutk\u00f3w, jakie mo\u017ce mie\u0107 nadmierne nara\u017cenie na promieniowanie UV. Po pierwsze, promieniowanie UVB mo\u017ce powodowa\u0107 oparzenia s\u0142oneczne, kt\u00f3re s\u0105 bolesne i mog\u0105 prowadzi\u0107 do powa\u017cnych uszkodze\u0144 sk\u00f3ry. Ponadto, promieniowanie UVA penetruje g\u0142\u0119biej w sk\u00f3r\u0119, powoduj\u0105c przyspieszone starzenie si\u0119 sk\u00f3ry, utrat\u0119 elastyczno\u015bci oraz powstawanie zmarszczek i przebarwie\u0144. Najpowa\u017cniejszym skutkiem d\u0142ugotrwa\u0142ej ekspozycji na s\u0142o\u0144ce jest ryzyko rozwoju nowotwor\u00f3w sk\u00f3ry, w tym czernia\u0142a. Dlatego te\u017c ochrona przed s\u0142o\u0144cem jest nie tylko kwesti\u0105 estetyczn\u0105, ale przede wszystkim zdrowotn\u0105.<\/p>\n\n\n\n<p>Metody ochrony przed s\u0142o\u0144cem obejmuj\u0105 zar\u00f3wno \u015brodki techniczne, jak i zachowania, kt\u00f3re zmniejszaj\u0105 nara\u017cenie na promieniowanie UV. Po pierwsze, nale\u017cy unika\u0107 ekspozycji na s\u0142o\u0144ce w godzinach najwi\u0119kszego nasilenia promieniowania, czyli od 10 rano do 16. W tym czasie s\u0142o\u0144ce \u015bwieci najja\u015bniej i promieniowanie UVB jest najintensywniejsze. Nale\u017cy tak\u017ce nosi\u0107 odzie\u017c ochronn\u0105, w tym lekkie, jasne ubrania z d\u0142ugim r\u0119kawem oraz szerokie kapelusze z daszkiem, kt\u00f3re chroni\u0105 twarz i szyj\u0119. Okulary przeciws\u0142oneczne z filtrem UV s\u0105 r\u00f3wnie\u017c niezb\u0119dnym elementem, chroni\u0105cym oczy przed uszkodzeniami spowodowanymi przez promieniowanie. Warto na bie\u017c\u0105co monitorowa\u0107 prognoz\u0119 pogody, aby m\u00f3c wcze\u015bniej przemy\u015ble\u0107 i zaplanowa\u0107 sw\u00f3j dzie\u0144 oraz ubi\u00f3r.<\/p>\n\n\n\n<p>Kremy przeciws\u0142oneczne stanowi\u0105 podstawow\u0105 form\u0119 ochrony przed promieniowaniem UV. Przy wyborze odpowiedniego kremu warto zwr\u00f3ci\u0107 uwag\u0119 na jego SPF (Sun Protection Factor). Liczba SPF okre\u015bla stopie\u0144 ochrony przed promieniowaniem UVB. Im wy\u017csza liczba SPF, tym d\u0142u\u017cszy czas mo\u017cna sp\u0119dzi\u0107 na s\u0142o\u0144cu bez ryzyka oparze\u0144. Na przyk\u0142ad krem SPF 30 zapewnia ochron\u0119 na 30 razy d\u0142u\u017cej ni\u017c gdyby sk\u00f3ra by\u0142a niechroniona. Jednak\u017ce, wa\u017cne jest pami\u0119tanie, \u017ce kremy o wysokim SPF nie s\u0105 w pe\u0142ni niezawodne i nie zapewniaj\u0105 ca\u0142kowitej ochrony przed promieniowaniem UV. Dlatego te\u017c zaleca si\u0119 stosowanie krem\u00f3w przeciws\u0142onecznych o wysokim SPF oraz ponowne nak\u0142adanie ich co kilka godzin, szczeg\u00f3lnie po k\u0105pieli w wodzie lub poceniu si\u0119. Dzi\u0119ki regularnemu stosowaniu krem\u00f3w przeciws\u0142onecznych mo\u017cna skutecznie chroni\u0107 sk\u00f3r\u0119 przed szkodliwymi skutkami promieniowania UV i zachowa\u0107 jej zdrowy wygl\u0105d na d\u0142u\u017cej.<\/p>\n\n\n\n<p><a href=\"https:\/\/www.label.pl\/po\/swiatlomierz-kipp-zonen.html\">Do pomiaru nat\u0119\u017cenia promieniowania s\u0142onecznego s\u0142u\u017c\u0105 pyranometry np. LB-901<\/a> czy 902. Urz\u0105dzenia te pracuj\u0105 nawet w ekstremalnych warunkach temperaturowych (od -40 do 85\u00b0C). Dodatkowo charakteryzuj\u0105 si\u0119 bardzo wysok\u0105 dok\u0142adno\u015bci\u0105 oraz szerokim zakresem pomiarowym.<\/p>\n","protected":false},"excerpt":{"rendered":"<p>Ochrona przeciws\u0142oneczna jest niezwykle istotna ze wzgl\u0119du na szereg negatywnych skutk\u00f3w, jakie mo\u017ce mie\u0107 nadmierne nara\u017cenie na promieniowanie UV. Po pierwsze, promieniowanie UVB mo\u017ce powodowa\u0107 oparzenia s\u0142oneczne, kt\u00f3re s\u0105 bolesne i mog\u0105 prowadzi\u0107 do powa\u017cnych uszkodze\u0144 sk\u00f3ry. Ponadto, promieniowanie UVA penetruje g\u0142\u0119biej w sk\u00f3r\u0119, powoduj\u0105c przyspieszone starzenie si\u0119 sk\u00f3ry, utrat\u0119 elastyczno\u015bci oraz powstawanie zmarszczek i&#8230;<\/p>\n","protected":false},"author":5,"featured_media":1389,"comment_status":"closed","ping_status":"open","sticky":false,"template":"","format":"standard","meta":[],"categories":[1],"tags":[],"_links":{"self":[{"href":"https:\/\/www.label.pl\/blog\/wp-json\/wp\/v2\/posts\/1388"}],"collection":[{"href":"https:\/\/www.label.pl\/blog\/wp-json\/wp\/v2\/posts"}],"about":[{"href":"https:\/\/www.label.pl\/blog\/wp-json\/wp\/v2\/types\/post"}],"author":[{"embeddable":true,"href":"https:\/\/www.label.pl\/blog\/wp-json\/wp\/v2\/users\/5"}],"replies":[{"embeddable":true,"href":"https:\/\/www.label.pl\/blog\/wp-json\/wp\/v2\/comments?post=1388"}],"version-history":[{"count":3,"href":"https:\/\/www.label.pl\/blog\/wp-json\/wp\/v2\/posts\/1388\/revisions"}],"predecessor-version":[{"id":1393,"href":"https:\/\/www.label.pl\/blog\/wp-json\/wp\/v2\/posts\/1388\/revisions\/1393"}],"wp:featuredmedia":[{"embeddable":true,"href":"https:\/\/www.label.pl\/blog\/wp-json\/wp\/v2\/media\/1389"}],"wp:attachment":[{"href":"https:\/\/www.label.pl\/blog\/wp-json\/wp\/v2\/media?parent=1388"}],"wp:term":[{"taxonomy":"category","embeddable":true,"href":"https:\/\/www.label.pl\/blog\/wp-json\/wp\/v2\/categories?post=1388"},{"taxonomy":"post_tag","embeddable":true,"href":"https:\/\/www.label.pl\/blog\/wp-json\/wp\/v2\/tags?post=1388"}],"curies":[{"name":"wp","href":"https:\/\/api.w.org\/{rel}","templated":true}]}}