{"id":827,"date":"2022-03-06T23:22:00","date_gmt":"2022-03-06T22:22:00","guid":{"rendered":"https:\/\/www.label.pl\/blog\/?p=827"},"modified":"2022-03-09T03:10:29","modified_gmt":"2022-03-09T02:10:29","slug":"szedl-sasza-sucha-szosa","status":"publish","type":"post","link":"https:\/\/www.label.pl\/blog\/szedl-sasza-sucha-szosa\/","title":{"rendered":"Szed\u0142 Sasza such\u0105 szos\u0105"},"content":{"rendered":"\n<p>Jednym z czynnik\u00f3w, kt\u00f3remu zawdzi\u0119czamy wszelkie \u017cycie na Ziemi, jest woda. Nie tylko gasi ona pragnienie, ale r\u00f3wnie\u017c tworzy \u015brodowisko dla wielu gatunk\u00f3w ro\u015blin i zwierz\u0105t, a tak\u017ce bierze udzia\u0142 w niezb\u0119dnych procesach na poziomie kom\u00f3rkowym, mi\u0119dzy innymi w fotosyntezie, b\u0119d\u0105cej g\u0142\u00f3wnym \u017ar\u00f3d\u0142em tlenu. Z tego powodu jej niedob\u00f3r mo\u017ce powodowa\u0107 problemy na r\u00f3\u017cnych p\u0142aszczyznach \u2013 przegrzanie, mniej obfite plony czy g\u0142\u00f3d. Susza jest zdecydowanie niepo\u017c\u0105danym zjawiskiem, dlatego nale\u017cy podj\u0105\u0107 dzia\u0142ania w celu jej zapobiegania. Niestety, w Polsce zdarza si\u0119 ona coraz cz\u0119\u015bciej.<\/p>\n\n\n\n<p>Eksperci wyr\u00f3\u017cniaj\u0105 kilka rodzaj\u00f3w susz, s\u0105 to susze atmosferyczne \u2013 charakteryzuj\u0105ce si\u0119 brakiem opad\u00f3w powy\u017cej trzech tygodni, wysok\u0105 temperatur\u0105 oraz nisk\u0105 wilgotno\u015bci\u0105, glebowe \u2013 podczas kt\u00f3rych woda nie jest dost\u0119pna dla ro\u015blinno\u015bci oraz hydrologiczne, odznaczaj\u0105ce si\u0119 niedoborami w\u00f3d podziemnych oraz powierzchniowych. Te ostatnie s\u0105 nast\u0119pstwem susz atmosferycznych, w ich wyniku spada poziom wody w rzekach, a zasoby w\u00f3d podziemnych znacznie si\u0119 kurcz\u0105. W Polsce od kilku ju\u017c lat zmagamy si\u0119 z tzw. posuch\u0105, co szczeg\u00f3lnie nasili\u0142o si\u0119 w roku 2020. Mia\u0142a wtedy miejsce jedna z najniebezpieczniejszych susz hydrologicznych, kt\u00f3ra zosta\u0142a spowodowana gwa\u0142townymi i kr\u00f3tkimi ulewami oraz d\u0142u\u017cszymi, suchymi i gor\u0105cymi okresami. Mia\u0142a w tym sw\u00f3j udzia\u0142 r\u00f3wnie\u017c zima pozbawiona \u015bniegu. \u015anieg bowiem topniej\u0105c, zasila zasoby w\u00f3d podziemnych. Od 2015 roku niemal ka\u017cdego lata obserwuje si\u0119 okresy suszy.<\/p>\n\n\n\n<p>Jedn\u0105 ze sk\u0142adowych, na podstawie kt\u00f3rej m\u00f3wi si\u0119 o zjawisku suszy, jest \u015brednia suma opad\u00f3w. Rocznie w Polsce powinna ona wynosi\u0107 \u015brednio ok. 600 mm. Deszczomierz to urz\u0105dzenie, kt\u00f3re wykonuje pomiary ilo\u015bci opad\u00f3w atmosferycznych. Przyk\u0142adem takiego przyrz\u0105du jest RG50, znajduj\u0105cy si\u0119 w ofercie naszej firmy. <a href=\"https:\/\/www.label.pl\/po\/deszczomierz-rg50.html\">RG50 jest deszczomierzem elektrycznym zaopatrzonym w zbiorniczek pomiarowy<\/a>, kt\u00f3ry umo\u017cliwia doprowadzanie oraz odprowadzanie zebranej wody. Urz\u0105dzenie to posiada filtr, zapobiegaj\u0105cy drobnym przedmiotom oraz owadom dostanie si\u0119 do zbiornika oraz grza\u0142k\u0119, kt\u00f3ra chroni wlot przed pojawieniem si\u0119 na nim lodu w razie niskich temperatur. W przypadku zape\u0142nienia zbiornika obw\u00f3d zostaje chwilowo zamkni\u0119ty, a pomiar wykonuj\u0105 czujniki zewn\u0119trzne. RG50 posiada wytrzyma\u0142\u0105 konstrukcj\u0119, kt\u00f3ra umo\u017cliwia mu poprawne funkcjonowanie w trudnych warunkach pogodowych oraz na problematycznych pod\u0142o\u017cach. Dzi\u0119ki systemowi grzewczemu deszczomierz mo\u017ce prawid\u0142owo wykonywa\u0107 pomiary nawet do -20\u00b0C!<\/p>\n","protected":false},"excerpt":{"rendered":"<p>Jednym z czynnik\u00f3w, kt\u00f3remu zawdzi\u0119czamy wszelkie \u017cycie na Ziemi, jest woda. Nie tylko gasi ona pragnienie, ale r\u00f3wnie\u017c tworzy \u015brodowisko dla wielu gatunk\u00f3w ro\u015blin i zwierz\u0105t, a tak\u017ce bierze udzia\u0142 w niezb\u0119dnych procesach na poziomie kom\u00f3rkowym, mi\u0119dzy innymi w fotosyntezie, b\u0119d\u0105cej g\u0142\u00f3wnym \u017ar\u00f3d\u0142em tlenu. Z tego powodu jej niedob\u00f3r mo\u017ce powodowa\u0107 problemy na r\u00f3\u017cnych p\u0142aszczyznach&#8230;<\/p>\n","protected":false},"author":5,"featured_media":828,"comment_status":"closed","ping_status":"open","sticky":false,"template":"","format":"standard","meta":[],"categories":[1],"tags":[],"_links":{"self":[{"href":"https:\/\/www.label.pl\/blog\/wp-json\/wp\/v2\/posts\/827"}],"collection":[{"href":"https:\/\/www.label.pl\/blog\/wp-json\/wp\/v2\/posts"}],"about":[{"href":"https:\/\/www.label.pl\/blog\/wp-json\/wp\/v2\/types\/post"}],"author":[{"embeddable":true,"href":"https:\/\/www.label.pl\/blog\/wp-json\/wp\/v2\/users\/5"}],"replies":[{"embeddable":true,"href":"https:\/\/www.label.pl\/blog\/wp-json\/wp\/v2\/comments?post=827"}],"version-history":[{"count":3,"href":"https:\/\/www.label.pl\/blog\/wp-json\/wp\/v2\/posts\/827\/revisions"}],"predecessor-version":[{"id":832,"href":"https:\/\/www.label.pl\/blog\/wp-json\/wp\/v2\/posts\/827\/revisions\/832"}],"wp:featuredmedia":[{"embeddable":true,"href":"https:\/\/www.label.pl\/blog\/wp-json\/wp\/v2\/media\/828"}],"wp:attachment":[{"href":"https:\/\/www.label.pl\/blog\/wp-json\/wp\/v2\/media?parent=827"}],"wp:term":[{"taxonomy":"category","embeddable":true,"href":"https:\/\/www.label.pl\/blog\/wp-json\/wp\/v2\/categories?post=827"},{"taxonomy":"post_tag","embeddable":true,"href":"https:\/\/www.label.pl\/blog\/wp-json\/wp\/v2\/tags?post=827"}],"curies":[{"name":"wp","href":"https:\/\/api.w.org\/{rel}","templated":true}]}}